{"id":948,"date":"2023-01-01T14:38:00","date_gmt":"2023-01-01T13:38:00","guid":{"rendered":"http:\/\/fundacjaoputw.pl\/?p=948"},"modified":"2023-02-01T16:19:25","modified_gmt":"2023-02-01T15:19:25","slug":"uroczysty-koncert-z-okazji-47-lecia-dzialalnosci-uniwersytetow-trzeciego-wieku-w-warszawie","status":"publish","type":"post","link":"https:\/\/fundacjaoputw.pl\/?p=948","title":{"rendered":"Uroczysty Koncert z okazji 47-lecia dzia\u0142alno\u015bci Uniwersytet\u00f3w Trzeciego Wieku w Warszawie"},"content":{"rendered":"<p>Z udzia\u0142em Prezydenta m.st. Warszawy Rafa\u0142a Trzaskowskiego, wiceprezydent Aldony Machnowskiej &#8211; G\u00f3ra, przewodnicz\u0105cego Parlamentarnego Zespo\u0142u ds. Uniwersytet\u00f3w Trzeciego Wieku pos\u0142a Micha\u0142a Szczerby i dyrekcji Biura Pomocy i Projek- t\u00f3w Spo\u0142ecznych Urz\u0119du m.st. Warszawy, a tak\u017ce burmistrz\u00f3w Dzielnic Warszawy odby\u0142 si\u0119 w Teatrze \u201eRoma\u201d w Warszawie niezwyk\u0142y koncert dedykowany s\u0142uchaczom Uniwersytet\u00f3w Trzeciego Wieku.&nbsp;Gwiazdami koncertu, pod has\u0142em \u201eNa dobre i z\u0142e\u201d byli znani i lubiani piosenkarze Anna Jurksztowicz i Mieczys\u0142aw Szcze\u015bniak z zespo\u0142em muzycznym, ale szczeg\u00f3lnymi bohaterami spotkania &#8211; przedstawiciele&nbsp;wszystkich warszawskich Uniwersytet\u00f3w Trzeciego Wieku.<\/p>\n<p><em>Warszawskie Dni Seniora, kt\u00f3re mamy za sob\u0105 obfitowa\u0142y w r\u00f3\u017cne ciekawe imprezy plenerowe, kulturalne, sportowe, integracyjne ale tak na prawd\u0119 \u017cadna nie by\u0142a dedykowana wy\u0142\u0105cznie Uniwersytetom Trzeciego Wieku, a to przecie\u017c jest \u015brodowisko najliczniejsze, najbardziej kreatywne i innowacyjne, skupione w 40 warszawskich Uniwersytetach Trzeciego Wieku<\/em> \u2013 powita\u0142a zebranych senior\u00f3w Krystyna Lewkowicz, Prezes Og\u00f3lnopolskiego Porozumienia UTW. <em>Pi\u0119knie dzi\u0119kujemy Panu Prezydentowi i bardzo nas cieszy, \u017ce w\u0142adze Warszawy zorganizowa\u0142y dla nas ten wyj\u0105tkowy koncert, a zarazem spotkanie integracyjne przy s\u0142odkim pocz\u0119stunku, w czasie kt\u00f3rego mogli\u015bmy zar\u00f3wno wys\u0142ucha\u0107 przem\u00f3wie\u0144 oficjalnych Pana Prezydenta nt. warszawskiej polityki senioralnej, ale co wa\u017cne poby\u0107 razem, podyskutowa\u0107, wsp\u00f3lnie mi\u0142o sp\u0119dzi\u0107 wiecz\u00f3r<\/em>.<\/p>\n<p>Ciep\u0142e s\u0142owa do warszawskich senior\u00f3w skierowa\u0142 te\u017c pose\u0142 Micha\u0142 Szczerba.&nbsp;<em>Czekaj\u0105 nas wielkie wyzwania, o bardzo skomplikowanej logistyce i wysokich potrzebach bud\u017cetowych, o kt\u00f3rych trzeba ju\u017c teraz rozmawia\u0107 i planowa\u0107 ich program.&nbsp;<\/em><em>Od dw\u00f3ch lat z powodu pandemii i innych nie- korzystnych okoliczno\u015bci nie odby\u0142a si\u0119 unikalna&nbsp;w \u015bwiecie impreza senioralna \u201eDzie\u0144 UTW na Torze Wy\u015bcig\u00f3w Konnych\u201d maj\u0105ca ponad 10-cio &nbsp;letni\u0105 tradycj\u0119, a jednocze\u015bnie wiele walor\u00f3w edukacyjnych, integracyjnych i kulturowych, piel\u0119gnuj\u0105ca najstarsze warszawskie tradycje bywania na wy\u015bcigach konnych.&nbsp;Bardzo chcieliby\u015bmy powr\u00f3ci\u0107 do tego wydarzenia na otwarcie nowego sezonu wy\u015bcigowego wiosn\u0105 2023 roku.<\/em><\/p>\n<div class=\"page\" title=\"Page 11\">\n<div class=\"section\">\n<div class=\"layoutArea\">\n<div class=\"column\">\n<p><em>Wielkimi krokami, bo w 2025 roku, zbli\u017ca si\u0119, wielki jubileusz 50-cio lecia Uniwersytet\u00f3w Trzeciego Wieku w Polsce.&nbsp;Jaki b\u0119dzie jego program, kto we\u017amie w nim udzia\u0142 to na razie temat otwarty<\/em> \u2013 doda\u0142a K. Lew- kowicz.&nbsp;<em>Przypomn\u0119, \u017ce trzy kolejne Wielkie Kongresy UTW, w 2012 og\u0142oszonym przez Senat RP Rokiem Uniwersytet\u00f3w Trzeciego Wieku, a p\u00f3\u017aniej w 2015 w Operze Narodowej, kiedy w\u0142\u0105czy\u0142a si\u0119 do nich nawet Para Prezydencka Anna i Bronis\u0142aw Komorowscy, i w 2019 roku w Teatrze Polskim mia\u0142y charakter imprez mi\u0119dzynarodowych zorganizowanych z niezwykle bogat\u0105 opraw\u0105.&nbsp;Dzi\u0119ki wsparciu finansowemu i organizacyjnemu w\u0142adz Warszawy mogli\u015bmy go\u015bci\u0107 w Stolicy, w niezwykle eleganckiej oprawie i atrakcyjnym programem artystycznym, nie tylko przedstawicieli wszystkich polskich, 700 ju\u017c UTW, ale te\u017c zaprosi\u0107 polonijne UTW zza wschodniej granicy, przedstawicieli UTW z innych europejskich kraj\u00f3w, a nawet polonii z Kazachstanu.&nbsp;<strong>To by\u0142o wielkie mi\u0119dzynarodowe wydarzenie, \u015bwi\u0119to senior\u00f3w i niezwyk\u0142a promocja Miasta jako jego wsp\u00f3\u0142organizatora.<\/strong><\/em><\/p>\n<p><strong><em>Zwracam si\u0119 z pro\u015bb\u0105 do obecnych dzi\u015b z nami w\u0142adz Miasta i do aktywnych senior\u00f3w UTW aby\u015bmy w najbli\u017cszym czasie wy\u0142onili komitet organizacyjny, kt\u00f3ry wsp\u00f3lnie z Miastem i innymi pozyskanymi partnerami opracuje ramowy program tych obchod\u00f3w. To b\u0119dzie przede wszystkim wielki jubileusz najstarszego w Polsce UTW im. prof. Haliny Szwarc na Warszawskim Marymoncie.&nbsp;Mam nadziej\u0119 te\u017c, \u017ce pozyskamy do wsp\u00f3\u0142pracy Urz\u0105d Marsza\u0142kowski woj. mazowieckiego, kt\u00f3ry tak\u017ce w poprzednich kongresach i obchodach jubileuszowych wspiera\u0142 nasze dzia\u0142ania.&nbsp;\u017byczmy sobie aby\u015bmy wsp\u00f3lnie powr\u00f3cili \u201edo normalno\u015bci\u201d tj. zaktywizowali naszych senior\u00f3w, a tak\u017ce odbudowali potencja\u0142 naszych Uniwersytet\u00f3w Trzeciego Wieku &#8211; <\/em><\/strong><em>powiedzia\u0142a Krystyna Lewkowicz<\/em><\/p>\n<\/div>\n<\/div>\n<\/div>\n<\/div>\n<div class=\"page\" title=\"Page 10\">\n<div class=\"section\">\n<div class=\"layoutArea\">\n<div class=\"column\">\n<p>&nbsp;<\/p>\n<\/div>\n<\/div>\n<\/div>\n<\/div>\n","protected":false},"excerpt":{"rendered":"<p>Z udzia\u0142em Prezydenta m.st. Warszawy Rafa\u0142a Trzaskowskiego, wiceprezydent Aldony Machnowskiej &#8211; G\u00f3ra, przewodnicz\u0105cego Parlamentarnego Zespo\u0142u<\/p>\n","protected":false},"author":1,"featured_media":949,"comment_status":"closed","ping_status":"closed","sticky":false,"template":"","format":"standard","meta":{"footnotes":""},"categories":[1],"tags":[],"class_list":["post-948","post","type-post","status-publish","format-standard","has-post-thumbnail","hentry","category-bez-kategorii"],"yoast_head":"<!-- This site is optimized with the Yoast SEO plugin v27.1.1 - https:\/\/yoast.com\/product\/yoast-seo-wordpress\/ -->\n<title>Uroczysty Koncert z okazji 47-lecia dzia\u0142alno\u015bci Uniwersytet\u00f3w Trzeciego Wieku w Warszawie - Fundacja OPUTW<\/title>\n<meta name=\"description\" content=\"Fundacja Og\u00f3lnopolskie Porozumienie Uniwersytet\u00f3w Trzeciego Wieku.\" \/>\n<meta name=\"robots\" content=\"index, follow, max-snippet:-1, max-image-preview:large, max-video-preview:-1\" \/>\n<link rel=\"canonical\" href=\"https:\/\/fundacjaoputw.pl\/?p=948\" \/>\n<meta property=\"og:locale\" content=\"pl_PL\" \/>\n<meta property=\"og:type\" content=\"article\" \/>\n<meta property=\"og:title\" content=\"Uroczysty Koncert z okazji 47-lecia dzia\u0142alno\u015bci Uniwersytet\u00f3w Trzeciego Wieku w Warszawie - Fundacja OPUTW\" \/>\n<meta property=\"og:description\" content=\"Fundacja Og\u00f3lnopolskie Porozumienie Uniwersytet\u00f3w Trzeciego Wieku.\" \/>\n<meta property=\"og:url\" content=\"https:\/\/fundacjaoputw.pl\/?p=948\" \/>\n<meta property=\"og:site_name\" content=\"Fundacja OPUTW\" \/>\n<meta property=\"article:published_time\" content=\"2023-01-01T13:38:00+00:00\" \/>\n<meta property=\"article:modified_time\" content=\"2023-02-01T15:19:25+00:00\" \/>\n<meta property=\"og:image\" content=\"https:\/\/fundacjaoputw.pl\/wp-content\/uploads\/2022\/12\/C0EF806C-90AA-43AB-A0A8-C24365AED806_4_5005_c.jpeg\" \/>\n\t<meta property=\"og:image:width\" content=\"400\" \/>\n\t<meta property=\"og:image:height\" content=\"265\" \/>\n\t<meta property=\"og:image:type\" content=\"image\/jpeg\" \/>\n<meta name=\"author\" content=\"fundacjaoputw\" \/>\n<meta name=\"twitter:card\" content=\"summary_large_image\" \/>\n<meta name=\"twitter:label1\" content=\"Napisane przez\" \/>\n\t<meta name=\"twitter:data1\" content=\"fundacjaoputw\" \/>\n\t<meta name=\"twitter:label2\" content=\"Szacowany czas czytania\" \/>\n\t<meta name=\"twitter:data2\" content=\"4 minuty\" \/>\n<script type=\"application\/ld+json\" class=\"yoast-schema-graph\">{\"@context\":\"https:\/\/schema.org\",\"@graph\":[{\"@type\":\"Article\",\"@id\":\"https:\/\/fundacjaoputw.pl\/?p=948#article\",\"isPartOf\":{\"@id\":\"https:\/\/fundacjaoputw.pl\/?p=948\"},\"author\":{\"name\":\"fundacjaoputw\",\"@id\":\"https:\/\/fundacjaoputw.pl\/#\/schema\/person\/bd8d9fee0c9d6891a23d1b6b97c550c3\"},\"headline\":\"Uroczysty Koncert z okazji 47-lecia dzia\u0142alno\u015bci Uniwersytet\u00f3w Trzeciego Wieku w Warszawie\",\"datePublished\":\"2023-01-01T13:38:00+00:00\",\"dateModified\":\"2023-02-01T15:19:25+00:00\",\"mainEntityOfPage\":{\"@id\":\"https:\/\/fundacjaoputw.pl\/?p=948\"},\"wordCount\":661,\"publisher\":{\"@id\":\"https:\/\/fundacjaoputw.pl\/#organization\"},\"image\":{\"@id\":\"https:\/\/fundacjaoputw.pl\/?p=948#primaryimage\"},\"thumbnailUrl\":\"https:\/\/fundacjaoputw.pl\/wp-content\/uploads\/2022\/12\/C0EF806C-90AA-43AB-A0A8-C24365AED806_4_5005_c.jpeg\",\"inLanguage\":\"pl-PL\"},{\"@type\":\"WebPage\",\"@id\":\"https:\/\/fundacjaoputw.pl\/?p=948\",\"url\":\"https:\/\/fundacjaoputw.pl\/?p=948\",\"name\":\"Uroczysty Koncert z okazji 47-lecia dzia\u0142alno\u015bci Uniwersytet\u00f3w Trzeciego Wieku w Warszawie - Fundacja OPUTW\",\"isPartOf\":{\"@id\":\"https:\/\/fundacjaoputw.pl\/#website\"},\"primaryImageOfPage\":{\"@id\":\"https:\/\/fundacjaoputw.pl\/?p=948#primaryimage\"},\"image\":{\"@id\":\"https:\/\/fundacjaoputw.pl\/?p=948#primaryimage\"},\"thumbnailUrl\":\"https:\/\/fundacjaoputw.pl\/wp-content\/uploads\/2022\/12\/C0EF806C-90AA-43AB-A0A8-C24365AED806_4_5005_c.jpeg\",\"datePublished\":\"2023-01-01T13:38:00+00:00\",\"dateModified\":\"2023-02-01T15:19:25+00:00\",\"description\":\"Fundacja Og\u00f3lnopolskie Porozumienie Uniwersytet\u00f3w Trzeciego Wieku.\",\"breadcrumb\":{\"@id\":\"https:\/\/fundacjaoputw.pl\/?p=948#breadcrumb\"},\"inLanguage\":\"pl-PL\",\"potentialAction\":[{\"@type\":\"ReadAction\",\"target\":[\"https:\/\/fundacjaoputw.pl\/?p=948\"]}]},{\"@type\":\"ImageObject\",\"inLanguage\":\"pl-PL\",\"@id\":\"https:\/\/fundacjaoputw.pl\/?p=948#primaryimage\",\"url\":\"https:\/\/fundacjaoputw.pl\/wp-content\/uploads\/2022\/12\/C0EF806C-90AA-43AB-A0A8-C24365AED806_4_5005_c.jpeg\",\"contentUrl\":\"https:\/\/fundacjaoputw.pl\/wp-content\/uploads\/2022\/12\/C0EF806C-90AA-43AB-A0A8-C24365AED806_4_5005_c.jpeg\",\"width\":400,\"height\":265},{\"@type\":\"BreadcrumbList\",\"@id\":\"https:\/\/fundacjaoputw.pl\/?p=948#breadcrumb\",\"itemListElement\":[{\"@type\":\"ListItem\",\"position\":1,\"name\":\"Home\",\"item\":\"https:\/\/fundacjaoputw.pl\/\"},{\"@type\":\"ListItem\",\"position\":2,\"name\":\"Uroczysty Koncert z okazji 47-lecia dzia\u0142alno\u015bci Uniwersytet\u00f3w Trzeciego Wieku w Warszawie\"}]},{\"@type\":\"WebSite\",\"@id\":\"https:\/\/fundacjaoputw.pl\/#website\",\"url\":\"https:\/\/fundacjaoputw.pl\/\",\"name\":\"Fundacja Og\u00f3lnopolskie Porozumienie Uniwersytet\u00f3w Trzeciego Wieku\",\"description\":\"\",\"publisher\":{\"@id\":\"https:\/\/fundacjaoputw.pl\/#organization\"},\"alternateName\":\"Fundacja OPUTW\",\"potentialAction\":[{\"@type\":\"SearchAction\",\"target\":{\"@type\":\"EntryPoint\",\"urlTemplate\":\"https:\/\/fundacjaoputw.pl\/?s={search_term_string}\"},\"query-input\":{\"@type\":\"PropertyValueSpecification\",\"valueRequired\":true,\"valueName\":\"search_term_string\"}}],\"inLanguage\":\"pl-PL\"},{\"@type\":\"Organization\",\"@id\":\"https:\/\/fundacjaoputw.pl\/#organization\",\"name\":\"Fundacja Og\u00f3lnopolskie Porozumienie Uniwersytet\u00f3w Trzeciego Wieku\",\"alternateName\":\"Fundacja OPUTW\",\"url\":\"https:\/\/fundacjaoputw.pl\/\",\"logo\":{\"@type\":\"ImageObject\",\"inLanguage\":\"pl-PL\",\"@id\":\"https:\/\/fundacjaoputw.pl\/#\/schema\/logo\/image\/\",\"url\":\"https:\/\/fundacjaoputw.pl\/wp-content\/uploads\/2023\/01\/Bez-tytulu-1900\u00d7600-px.png\",\"contentUrl\":\"https:\/\/fundacjaoputw.pl\/wp-content\/uploads\/2023\/01\/Bez-tytulu-1900\u00d7600-px.png\",\"width\":1900,\"height\":600,\"caption\":\"Fundacja Og\u00f3lnopolskie Porozumienie Uniwersytet\u00f3w Trzeciego Wieku\"},\"image\":{\"@id\":\"https:\/\/fundacjaoputw.pl\/#\/schema\/logo\/image\/\"}},{\"@type\":\"Person\",\"@id\":\"https:\/\/fundacjaoputw.pl\/#\/schema\/person\/bd8d9fee0c9d6891a23d1b6b97c550c3\",\"name\":\"fundacjaoputw\",\"image\":{\"@type\":\"ImageObject\",\"inLanguage\":\"pl-PL\",\"@id\":\"https:\/\/fundacjaoputw.pl\/#\/schema\/person\/image\/\",\"url\":\"https:\/\/secure.gravatar.com\/avatar\/7aeec02e9033e0b562151953741118d030d07d9a4751defda559c0cc62270988?s=96&d=mm&r=g\",\"contentUrl\":\"https:\/\/secure.gravatar.com\/avatar\/7aeec02e9033e0b562151953741118d030d07d9a4751defda559c0cc62270988?s=96&d=mm&r=g\",\"caption\":\"fundacjaoputw\"},\"sameAs\":[\"http:\/\/fundacjaoputw.pl\"],\"url\":\"https:\/\/fundacjaoputw.pl\/?author=1\"}]}<\/script>\n<!-- \/ Yoast SEO plugin. -->","yoast_head_json":{"title":"Uroczysty Koncert z okazji 47-lecia dzia\u0142alno\u015bci Uniwersytet\u00f3w Trzeciego Wieku w Warszawie - Fundacja OPUTW","description":"Fundacja Og\u00f3lnopolskie Porozumienie Uniwersytet\u00f3w Trzeciego Wieku.","robots":{"index":"index","follow":"follow","max-snippet":"max-snippet:-1","max-image-preview":"max-image-preview:large","max-video-preview":"max-video-preview:-1"},"canonical":"https:\/\/fundacjaoputw.pl\/?p=948","og_locale":"pl_PL","og_type":"article","og_title":"Uroczysty Koncert z okazji 47-lecia dzia\u0142alno\u015bci Uniwersytet\u00f3w Trzeciego Wieku w Warszawie - Fundacja OPUTW","og_description":"Fundacja Og\u00f3lnopolskie Porozumienie Uniwersytet\u00f3w Trzeciego Wieku.","og_url":"https:\/\/fundacjaoputw.pl\/?p=948","og_site_name":"Fundacja OPUTW","article_published_time":"2023-01-01T13:38:00+00:00","article_modified_time":"2023-02-01T15:19:25+00:00","og_image":[{"width":400,"height":265,"url":"https:\/\/fundacjaoputw.pl\/wp-content\/uploads\/2022\/12\/C0EF806C-90AA-43AB-A0A8-C24365AED806_4_5005_c.jpeg","type":"image\/jpeg"}],"author":"fundacjaoputw","twitter_card":"summary_large_image","twitter_misc":{"Napisane przez":"fundacjaoputw","Szacowany czas czytania":"4 minuty"},"schema":{"@context":"https:\/\/schema.org","@graph":[{"@type":"Article","@id":"https:\/\/fundacjaoputw.pl\/?p=948#article","isPartOf":{"@id":"https:\/\/fundacjaoputw.pl\/?p=948"},"author":{"name":"fundacjaoputw","@id":"https:\/\/fundacjaoputw.pl\/#\/schema\/person\/bd8d9fee0c9d6891a23d1b6b97c550c3"},"headline":"Uroczysty Koncert z okazji 47-lecia dzia\u0142alno\u015bci Uniwersytet\u00f3w Trzeciego Wieku w Warszawie","datePublished":"2023-01-01T13:38:00+00:00","dateModified":"2023-02-01T15:19:25+00:00","mainEntityOfPage":{"@id":"https:\/\/fundacjaoputw.pl\/?p=948"},"wordCount":661,"publisher":{"@id":"https:\/\/fundacjaoputw.pl\/#organization"},"image":{"@id":"https:\/\/fundacjaoputw.pl\/?p=948#primaryimage"},"thumbnailUrl":"https:\/\/fundacjaoputw.pl\/wp-content\/uploads\/2022\/12\/C0EF806C-90AA-43AB-A0A8-C24365AED806_4_5005_c.jpeg","inLanguage":"pl-PL"},{"@type":"WebPage","@id":"https:\/\/fundacjaoputw.pl\/?p=948","url":"https:\/\/fundacjaoputw.pl\/?p=948","name":"Uroczysty Koncert z okazji 47-lecia dzia\u0142alno\u015bci Uniwersytet\u00f3w Trzeciego Wieku w Warszawie - Fundacja OPUTW","isPartOf":{"@id":"https:\/\/fundacjaoputw.pl\/#website"},"primaryImageOfPage":{"@id":"https:\/\/fundacjaoputw.pl\/?p=948#primaryimage"},"image":{"@id":"https:\/\/fundacjaoputw.pl\/?p=948#primaryimage"},"thumbnailUrl":"https:\/\/fundacjaoputw.pl\/wp-content\/uploads\/2022\/12\/C0EF806C-90AA-43AB-A0A8-C24365AED806_4_5005_c.jpeg","datePublished":"2023-01-01T13:38:00+00:00","dateModified":"2023-02-01T15:19:25+00:00","description":"Fundacja Og\u00f3lnopolskie Porozumienie Uniwersytet\u00f3w Trzeciego Wieku.","breadcrumb":{"@id":"https:\/\/fundacjaoputw.pl\/?p=948#breadcrumb"},"inLanguage":"pl-PL","potentialAction":[{"@type":"ReadAction","target":["https:\/\/fundacjaoputw.pl\/?p=948"]}]},{"@type":"ImageObject","inLanguage":"pl-PL","@id":"https:\/\/fundacjaoputw.pl\/?p=948#primaryimage","url":"https:\/\/fundacjaoputw.pl\/wp-content\/uploads\/2022\/12\/C0EF806C-90AA-43AB-A0A8-C24365AED806_4_5005_c.jpeg","contentUrl":"https:\/\/fundacjaoputw.pl\/wp-content\/uploads\/2022\/12\/C0EF806C-90AA-43AB-A0A8-C24365AED806_4_5005_c.jpeg","width":400,"height":265},{"@type":"BreadcrumbList","@id":"https:\/\/fundacjaoputw.pl\/?p=948#breadcrumb","itemListElement":[{"@type":"ListItem","position":1,"name":"Home","item":"https:\/\/fundacjaoputw.pl\/"},{"@type":"ListItem","position":2,"name":"Uroczysty Koncert z okazji 47-lecia dzia\u0142alno\u015bci Uniwersytet\u00f3w Trzeciego Wieku w Warszawie"}]},{"@type":"WebSite","@id":"https:\/\/fundacjaoputw.pl\/#website","url":"https:\/\/fundacjaoputw.pl\/","name":"Fundacja Og\u00f3lnopolskie Porozumienie Uniwersytet\u00f3w Trzeciego Wieku","description":"","publisher":{"@id":"https:\/\/fundacjaoputw.pl\/#organization"},"alternateName":"Fundacja OPUTW","potentialAction":[{"@type":"SearchAction","target":{"@type":"EntryPoint","urlTemplate":"https:\/\/fundacjaoputw.pl\/?s={search_term_string}"},"query-input":{"@type":"PropertyValueSpecification","valueRequired":true,"valueName":"search_term_string"}}],"inLanguage":"pl-PL"},{"@type":"Organization","@id":"https:\/\/fundacjaoputw.pl\/#organization","name":"Fundacja Og\u00f3lnopolskie Porozumienie Uniwersytet\u00f3w Trzeciego Wieku","alternateName":"Fundacja OPUTW","url":"https:\/\/fundacjaoputw.pl\/","logo":{"@type":"ImageObject","inLanguage":"pl-PL","@id":"https:\/\/fundacjaoputw.pl\/#\/schema\/logo\/image\/","url":"https:\/\/fundacjaoputw.pl\/wp-content\/uploads\/2023\/01\/Bez-tytulu-1900\u00d7600-px.png","contentUrl":"https:\/\/fundacjaoputw.pl\/wp-content\/uploads\/2023\/01\/Bez-tytulu-1900\u00d7600-px.png","width":1900,"height":600,"caption":"Fundacja Og\u00f3lnopolskie Porozumienie Uniwersytet\u00f3w Trzeciego Wieku"},"image":{"@id":"https:\/\/fundacjaoputw.pl\/#\/schema\/logo\/image\/"}},{"@type":"Person","@id":"https:\/\/fundacjaoputw.pl\/#\/schema\/person\/bd8d9fee0c9d6891a23d1b6b97c550c3","name":"fundacjaoputw","image":{"@type":"ImageObject","inLanguage":"pl-PL","@id":"https:\/\/fundacjaoputw.pl\/#\/schema\/person\/image\/","url":"https:\/\/secure.gravatar.com\/avatar\/7aeec02e9033e0b562151953741118d030d07d9a4751defda559c0cc62270988?s=96&d=mm&r=g","contentUrl":"https:\/\/secure.gravatar.com\/avatar\/7aeec02e9033e0b562151953741118d030d07d9a4751defda559c0cc62270988?s=96&d=mm&r=g","caption":"fundacjaoputw"},"sameAs":["http:\/\/fundacjaoputw.pl"],"url":"https:\/\/fundacjaoputw.pl\/?author=1"}]}},"_links":{"self":[{"href":"https:\/\/fundacjaoputw.pl\/index.php?rest_route=\/wp\/v2\/posts\/948","targetHints":{"allow":["GET"]}}],"collection":[{"href":"https:\/\/fundacjaoputw.pl\/index.php?rest_route=\/wp\/v2\/posts"}],"about":[{"href":"https:\/\/fundacjaoputw.pl\/index.php?rest_route=\/wp\/v2\/types\/post"}],"author":[{"embeddable":true,"href":"https:\/\/fundacjaoputw.pl\/index.php?rest_route=\/wp\/v2\/users\/1"}],"replies":[{"embeddable":true,"href":"https:\/\/fundacjaoputw.pl\/index.php?rest_route=%2Fwp%2Fv2%2Fcomments&post=948"}],"version-history":[{"count":2,"href":"https:\/\/fundacjaoputw.pl\/index.php?rest_route=\/wp\/v2\/posts\/948\/revisions"}],"predecessor-version":[{"id":956,"href":"https:\/\/fundacjaoputw.pl\/index.php?rest_route=\/wp\/v2\/posts\/948\/revisions\/956"}],"wp:featuredmedia":[{"embeddable":true,"href":"https:\/\/fundacjaoputw.pl\/index.php?rest_route=\/wp\/v2\/media\/949"}],"wp:attachment":[{"href":"https:\/\/fundacjaoputw.pl\/index.php?rest_route=%2Fwp%2Fv2%2Fmedia&parent=948"}],"wp:term":[{"taxonomy":"category","embeddable":true,"href":"https:\/\/fundacjaoputw.pl\/index.php?rest_route=%2Fwp%2Fv2%2Fcategories&post=948"},{"taxonomy":"post_tag","embeddable":true,"href":"https:\/\/fundacjaoputw.pl\/index.php?rest_route=%2Fwp%2Fv2%2Ftags&post=948"}],"curies":[{"name":"wp","href":"https:\/\/api.w.org\/{rel}","templated":true}]}}